{"id":393,"date":"2020-03-18T21:11:07","date_gmt":"2020-03-18T21:11:07","guid":{"rendered":"https:\/\/salkantayexpeditions.com\/?p=393"},"modified":"2026-08-12T23:54:52","modified_gmt":"2026-08-12T23:54:52","slug":"salkantay-cultural-trek-5dias","status":"publish","type":"post","link":"https:\/\/salkantayexpeditions.com\/es\/salkantay-cultural-trek-5dias\/","title":{"rendered":"Salkantay Cultural Trek 05 Dias"},"content":{"rendered":"\n<p class=\"wp-block-paragraph\">Salkantay Cultural Trek 5 dias, Esta es una opci\u00f3n, de <strong>sendero alternativo<\/strong> para llegar a la ciudad de <strong><a href=\"https:\/\/salkantayexpeditions.com\/es\/machu-picchu-en-tren-full-day\/\">Machu Picchu<\/a><\/strong>, Nueva y sorprendente! (\u00a1Te ofrecemos esta alternativa, donde podr\u00e1s disfrutar de los dos caminos, m\u00e1s famosos en sudamericana!). En este sendero de salkantay cultural Trek, podr\u00e1s disfrutar de la monta\u00f1a m\u00e1s alta de la regi\u00f3n, y en el <strong><a href=\"https:\/\/cuscoperutours.org\/camino-inca-machu-picchu\/camino-inca-a-machu-picchu-4d3n\">Camino Inca<\/a><\/strong> tradicional, disfrutaras del camino original donde disfrutaras de microclimas, valles, prados, glaciares, bosques nubosos y el cl\u00e1sico camino Inca Cl\u00e1sico.<\/p>\n\n\n\n<p class=\"wp-block-paragraph\">Para poder realizar este <strong>sendero<\/strong>, se tiene que reservar primero el <strong>camino inca<\/strong>, con toda la documentaci\u00f3n requerida por el gobierno peruano. Disfruta de esta maravilla en los andes.<\/p>\n\n\n<div id=\"tour-nav\" class=\"rounded\">\n    <nav class=\"tour-nav-inner\">\n\n        <a href=\"#resumen\" class=\"tour-nav-link\">\n            <span class=\"tour-nav-icon\">\n                <svg xmlns=\"http:\/\/www.w3.org\/2000\/svg\" width=\"22\" height=\"22\" fill=\"none\" viewBox=\"0 0 24 24\" stroke=\"currentColor\" stroke-width=\"1.8\">\n                    <path stroke-linecap=\"round\" stroke-linejoin=\"round\" d=\"M8 6h13M8 12h13M8 18h13M3 6h.01M3 12h.01M3 18h.01\"\/>\n                <\/svg>\n            <\/span>\n            <span class=\"tour-nav-label\">Resumen<\/span>\n        <\/a>\n\n        <a href=\"#itinerario\" class=\"tour-nav-link\">\n            <span class=\"tour-nav-icon\">\n                <svg xmlns=\"http:\/\/www.w3.org\/2000\/svg\" width=\"22\" height=\"22\" fill=\"none\" viewBox=\"0 0 24 24\" stroke=\"currentColor\" stroke-width=\"1.8\">\n                    <path stroke-linecap=\"round\" stroke-linejoin=\"round\" d=\"M8 7V3m8 4V3M4 11h16M5 21h14a2 2 0 002-2V7a2 2 0 00-2-2H5a2 2 0 00-2 2v12a2 2 0 002 2zM9 15l2 2 4-4\"\/>\n                <\/svg>\n            <\/span>\n            <span class=\"tour-nav-label\">Itinerario<\/span>\n        <\/a>\n\n        <a href=\"#incluye\" class=\"tour-nav-link\">\n            <span class=\"tour-nav-icon\">\n                <svg xmlns=\"http:\/\/www.w3.org\/2000\/svg\" width=\"22\" height=\"22\" fill=\"none\" viewBox=\"0 0 24 24\" stroke=\"currentColor\" stroke-width=\"1.8\">\n                    <path stroke-linecap=\"round\" stroke-linejoin=\"round\" d=\"M20 7l-8-4-8 4m16 0l-8 4m8-4v10l-8 4m0-10L4 7m8 4v10\"\/>\n                <\/svg>\n            <\/span>\n            <span class=\"tour-nav-label\">Incluye<\/span>\n        <\/a>\n\n        <a href=\"#que-llevar\" class=\"tour-nav-link\">\n            <span class=\"tour-nav-icon\">\n                <svg xmlns=\"http:\/\/www.w3.org\/2000\/svg\" width=\"22\" height=\"22\" fill=\"none\" viewBox=\"0 0 24 24\" stroke=\"currentColor\" stroke-width=\"1.8\">\n                    <path stroke-linecap=\"round\" stroke-linejoin=\"round\" d=\"M9 8V6a3 3 0 016 0v2m-9 0h12a2 2 0 012 2v9a2 2 0 01-2 2H6a2 2 0 01-2-2v-9a2 2 0 012-2zm2 4h8m-8 4h5\"\/>\n                <\/svg>\n            <\/span>\n            <span class=\"tour-nav-label\">Qu\u00e9 Llevar<\/span>\n        <\/a>\n\n        <a href=\"#precio\" class=\"tour-nav-link\">\n            <span class=\"tour-nav-icon\">\n                <svg xmlns=\"http:\/\/www.w3.org\/2000\/svg\" width=\"22\" height=\"22\" fill=\"none\" viewBox=\"0 0 24 24\" stroke=\"currentColor\" stroke-width=\"1.8\">\n                    <path stroke-linecap=\"round\" stroke-linejoin=\"round\" d=\"M12 8c-1.657 0-3 .895-3 2s1.343 2 3 2 3 .895 3 2-1.343 2-3 2m0-8c1.11 0 2.08.402 2.599 1M12 8V7m0 1v8m0 0v1m0-1c-1.11 0-2.08-.402-2.599-1M21 12a9 9 0 11-18 0 9 9 0 0118 0z\"\/>\n                <\/svg>\n            <\/span>\n            <span class=\"tour-nav-label\">Precio<\/span>\n        <\/a>\n\n        <a href=\"#alojamiento\" class=\"tour-nav-link\">\n            <span class=\"tour-nav-icon\">\n                <svg xmlns=\"http:\/\/www.w3.org\/2000\/svg\" width=\"22\" height=\"22\" fill=\"none\" viewBox=\"0 0 24 24\" stroke=\"currentColor\" stroke-width=\"1.8\">\n                    <path stroke-linecap=\"round\" stroke-linejoin=\"round\" d=\"M3 12l9-9 9 9M5 10v9a1 1 0 001 1h4v-5h4v5h4a1 1 0 001-1v-9\"\/>\n                <\/svg>\n            <\/span>\n            <span class=\"tour-nav-label\">Alojamiento<\/span>\n        <\/a>\n\n    <\/nav>\n<\/div>\n<script>\ndocument.addEventListener('DOMContentLoaded', function () {\n    var siteNav = document.querySelector('header + nav') || document.querySelector('nav.sticky');\n    var tourNav = document.getElementById('tour-nav');\n\n    function applyNavOffset() {\n        if (!tourNav) return;\n        var navH = (window.innerWidth >= 768 && siteNav) ? siteNav.offsetHeight : 0;\n        tourNav.style.top = navH + 'px';\n        document.documentElement.style.setProperty('--header-h', navH + 'px');\n    }\n\n    window.addEventListener('load', applyNavOffset);\n    window.addEventListener('resize', applyNavOffset);\n    applyNavOffset();\n\n    \/\/ Active link tracking\n    var links     = document.querySelectorAll('#tour-nav .tour-nav-link');\n    var container = document.querySelector('#tour-nav .tour-nav-inner');\n    if (!links.length) return;\n\n    var targets = [];\n    links.forEach(function (link) {\n        var el = document.getElementById(link.getAttribute('href').replace('#', ''));\n        if (el) targets.push(el);\n    });\n    if (!targets.length) return;\n\n    function scrollNavToActive(activeLink) {\n        if (!container || !activeLink) return;\n        var scrollTo = activeLink.offsetLeft - (container.offsetWidth \/ 2) + (activeLink.offsetWidth \/ 2);\n        container.scrollTo({ left: scrollTo, behavior: 'smooth' });\n    }\n\n    function setActive(id) {\n        var activeLink = null;\n        links.forEach(function (l) {\n            var match = l.getAttribute('href').replace('#', '') === id;\n            l.classList.toggle('is-active', match);\n            if (match) activeLink = l;\n        });\n        scrollNavToActive(activeLink);\n    }\n\n    function totalOffset() {\n        var siteNavH = siteNav ? siteNav.offsetHeight : 0;\n        var tourNavH = tourNav ? tourNav.offsetHeight : 52;\n        return siteNavH + tourNavH;\n    }\n\n    function updateActive() {\n        var offset = totalOffset();\n        var activeId = targets[0].getAttribute('id');\n        targets.forEach(function (el) {\n            if (el.getBoundingClientRect().top <= offset + 16) activeId = el.getAttribute('id');\n        });\n        setActive(activeId);\n    }\n\n    setActive(targets[0].getAttribute('id'));\n    window.addEventListener('scroll', updateActive, { passive: true });\n\n    links.forEach(function (link) {\n        link.addEventListener('click', function (e) {\n            e.preventDefault();\n            var target = document.getElementById(this.getAttribute('href').replace('#', ''));\n            if (!target) return;\n            window.scrollTo({ top: target.getBoundingClientRect().top + window.pageYOffset - totalOffset() - 8, behavior: 'smooth' });\n            setActive(this.getAttribute('href').replace('#', ''));\n        });\n    });\n});\n<\/script>\n\n\n\n<h2 id=\"resumen\" class=\"wp-block-heading\">Resumen<\/h2>\n\n\n\n<h2 id=\"itinerario\" class=\"wp-block-heading\">Itinerario<\/h2>\n\n\n\n<h3 class=\"wp-block-heading\">D\u00cdA 01: MOLLEPATA - SORAYPAMPA.<\/h3>\n\n\n\n<p class=\"wp-block-paragraph\">Salkantay Cultural Trek. Pasamos a recogerlo a su hotel y luego continuamos nuestro viaja en bus aproximadamente por 03 horas a  Mollepata (2.700.msnm) donde tendremos una parada t\u00e9cnica para el desayuno y para  usar los ba\u00f1os y hacer las \u00faltimas compras, de este lugar continuamos a challacancha, para comenzar nuestra caminata , cerca de 5 horas por un  camino hermoso que nos llevar\u00e1 a Soraypampa (campamento 3.800.msnm) para  el almuerzo con vistas panor\u00e1micas a las monta\u00f1as nevadas (Humantay;  4.120 my Salkantay; 6271.msnm) por la tarde visitar la laguna cerca de  Humantay campamento . Durante la noche.          <\/p>\n\n\n\n<ul>\n<li><strong>Comidas:<\/strong> Almuerzo - t\u00e9 - Cena<\/li>\n<li><strong>Instalaciones de Alojamiento: <\/strong>campamento<\/li>\n<li><strong>Altura m\u00ednima:<\/strong> 2.700 m<\/li>\n<li><strong>Altitud m\u00e1xima:<\/strong> 3850 m<\/li>\n<li><strong>Distancia:<\/strong> 11 kil\u00f3metros \/ 9 millas<\/li>\n<li><strong>Tiempo:<\/strong> 5h aproximadamente<\/li>\n<li><strong>Dificultad:<\/strong> Moderado<\/li>\n<\/ul>\n\n\n\n<h3 class=\"wp-block-heading\">D\u00cdA 02: SALKANTAY - INKACHIRIASKA - PAMPACAHUANA.<\/h3>\n\n\n\n<p class=\"wp-block-paragraph\">Este d\u00eda nos levantamos muy temprano, ya que es el m\u00e1s dif\u00edcil d\u00eda de  viaje tendr\u00e1 el desayuno a las 5:30 y comenzar nuestra caminata de  aproximadamente 1 hora alcance Salkantaypampa este lugar va a caminar  hacia la derecha para pasar Incachiriaska durante aproximadamente 4  horas (5.200.m .. msnm), aqui podremos Observar la monta\u00f1a de salkantay y tambien la cordillera de  Vilcabamba, despu\u00e9s de un breve descanso empezamos por un camino de  piedras a Sisaypampa lugar para el almuerzo (4.200.msnm) despu\u00e9s del  almuerzo para una caminata camino otra vez tranquilo donde se puede  observar a los animales en el zona y un mont\u00f3n de paja (i'chu) como las  casas de los habitantes de la zona, para llegar pampas Cahuana y  disfrutar del famoso canal Inca y llegar al campamento del mismo nombre.<\/p>\n\n\n\n<ul>\n<li><strong>Comidas: <\/strong>Desayuno - Almuerzo - T\u00e9 - Cena<\/li>\n<li><strong>Instalaciones de Alojamiento: <\/strong>Campamento<\/li>\n<li><strong>Altura m\u00ednima: <\/strong>2.920 m<\/li>\n<li><strong>Altitud m\u00e1xima: <\/strong>4650 m<\/li>\n<li><strong>Distancia: <\/strong>21km \/ 13.5 millas<\/li>\n<li><strong>Tiempo: <\/strong>9 horas<\/li>\n<li><strong>Dif\u00edcil: <\/strong>desaf\u00edo<\/li>\n<\/ul>\n\n\n\n<h3 class=\"wp-block-heading\">D\u00cdA 03: PAMPACAHUANA - PAUCARCANCHA-KORIWAYRACHINA.<\/h3>\n\n\n\n<p class=\"wp-block-paragraph\">Despu\u00e9s de un desayuno t\u00edpico andino, comenzamos nuestra caminata a  trav\u00e9s de un hermoso valle, observaci\u00f3n de flora y fauna variada para  llegar a la zona arqueol\u00f3gica de Paucarcancha. Donde tendr\u00e1 una visita  guiada y tiempo libre para explorar tomar fotograf\u00edas de la zona,  entonces seguimos Hatunchaca para el almuerzo y un breve descanso.  Despu\u00e9s del almuerzo, continuamos Patallacta visitar\u00e1 el sitio Inca,  camping y la cena.<\/p>\n\n\n\n<ul>\n<li><strong>Comidas: <\/strong>Desayuno - Almuerzo - T\u00e9 - Cena<\/li>\n<li><strong>Instalaciones de Alojamiento: <\/strong>Campamento<\/li>\n<li><strong>Altura m\u00ednima: <\/strong>2620.msnm<\/li>\n<li><strong>Altitud m\u00e1xima: <\/strong>4.000 m<\/li>\n<li><strong>Distancia: <\/strong>16km \/ 10 millas<\/li>\n<li><strong>Tiempo:<\/strong> 8 horas<\/li>\n<li><strong>Dificultad: <\/strong>Moderado<\/li>\n<\/ul>\n\n\n\n<h3 class=\"wp-block-heading\">D\u00cdA 04: KORIWAYRACHINA - 82 KM - AGUAS CALIENTES.<\/h3>\n\n\n\n<p class=\"wp-block-paragraph\">Nos despertamos aproximadamente a las 6:30 de la ma\u00f1ana a disfrutar  de un variado con vistas a la monta\u00f1a m\u00e1s famosa en el Valle Sagrado  Desayuno. Ver\u00f3nica. Despu\u00e9s del desayuno, comenzamos nuestra caminata  para visitar el sitio arqueol\u00f3gico y Salapunku Qanabamba y llegar a la  estaci\u00f3n de tren Piskacucho (almuerzo) servicio de tren hasta el pueblo  de Aguas Calientes, durante la noche.<\/p>\n\n\n\n<ul>\n<li><strong>Comidas: <\/strong>Desayuno - Almuerzo - cena<\/li>\n<li><strong>Tren: <\/strong>del km 82 a Aguas Calientes.<\/li>\n<li><strong>Instalaciones de Alojamiento:<\/strong> Hotel<\/li>\n<li><strong>Altitud m\u00e1xima:<\/strong> 2.690 m<\/li>\n<li><strong>Altura m\u00ednima:<\/strong> 2.040 m<\/li>\n<li><strong>Distancia: <\/strong>09km \/ 10 millas<\/li>\n<li><strong>Tiempo:<\/strong> 5h aproximadamente<\/li>\n<li><strong>Dificultad: <\/strong>Moderado<\/li>\n<\/ul>\n\n\n\n<h3 class=\"wp-block-heading\">DIA 05: MACHU PICCHU CIUDADELA<\/h3>\n\n\n\n<p class=\"wp-block-paragraph\">Despu\u00e9s de un desayuno temprano 5:30 am, nos dirigiremos a la  estaci\u00f3n para abordar el primer autob\u00fas a Machu Picchu (25 minutos),  llegar temprano y observar la salida del sol tomar las primeras  fotograf\u00edas de la ciudad y disfrutar de la visita guiada sobre durante 2  horas y entonces usted tiene tiempo libre para explorar la ciudad por  su cuenta. Para volver a las aguas termales tienen 2 opciones que puede  ser en autob\u00fas o caminando (opcional) estaci\u00f3n de tren est\u00e1 en la misma  poblaci\u00f3n para volver a la ciudad de Cusco.<\/p>\n\n\n\n<ul>\n<li><strong>Comidas: <\/strong>Desayuno<\/li>\n<li><strong>Altura m\u00e1xima: <\/strong>2.440.m<\/li>\n<li><strong>Dificultad: <\/strong>F\u00e1cil.<\/li>\n<\/ul>\n\n\n\n<p class=\"wp-block-paragraph\"><strong>Nota:<\/strong> En todos nuestros servicios se incluye la \nestaci\u00f3n de tren Expedici\u00f3n de Piskacucho hasta el pueblo de Aguas \nCalientes y la estaci\u00f3n de Ollantaytambo. Salkantay Expediciones \norganizar el transporte de regreso a Cusco (en taxi o autob\u00fas)\n\n          \n      \n\n<\/p>\n\n\n\n<h2 id=\"incluye\" class=\"wp-block-heading\">Incluye<\/h2>\n\n\n\n<h3 class=\"wp-block-heading\">NUESTRO SERVICIO INCLUYE:<\/h3>\n\n\n\n<ul class=\"wp-block-list is-style-check\">\n<li> Levante el traslado a Mollepata <strong>(Challacancha)<\/strong><\/li>\n\n\n\n<li> Gu\u00eda profesional biling\u00fce<\/li>\n\n\n\n<li> Transporte (ida y vuelta por ferrocarril)<\/li>\n\n\n\n<li> La entrada a Machu Picchu + Machu Picchu monta\u00f1a.<\/li>\n\n\n\n<li> 4 desayunos, 4 almuerzos, 3 cenas y aperitivos de 16:00 (bebidas  calientes, galletas y palomitas de ma\u00edz) (primero el desayuno como la  cena y el almuerzo en Aguas Calientes no est\u00e1n incluidos)<\/li>\n\n\n\n<li> Equipo de camping, tiendas de campa\u00f1a para 2 personas, la alfombra del piso.<\/li>\n\n\n\n<li> Arrieros y mulas (que lleva el equipo de cocina y campamento y hasta 05 kg de pertenencias de los turistas)<\/li>\n\n\n\n<li> 1 noche en Aguas Calientes<\/li>\n\n\n\n<li> Ox\u00edgeno extra<\/li>\n\n\n\n<li> Botiqu\u00edn de primeros auxilios<\/li>\n\n\n\n<li> Opciones de la dieta vegetariana \/ especiales disponibles.<\/li>\n<\/ul>\n\n\n\n<h3 class=\"wp-block-heading\"><strong>NO <\/strong>INCLUYE<strong>:<\/strong><\/h3>\n\n\n\n<ul class=\"wp-block-list is-style-no-check\">\n<li> Primer desayuno<\/li>\n\n\n\n<li> Bolsa de dormir<\/li>\n\n\n\n<li> Almuerzo \u00faltimo d\u00eda<\/li>\n\n\n\n<li> Gastos adicionales.<\/li>\n<\/ul>\n\n\n\n<h2 id=\"que-llevar\" class=\"wp-block-heading\">Qu\u00e9 Llevar<\/h2>\n\n\n\n<h3 class=\"wp-block-heading\">LO QUE DEBE DE TRAER:<\/h3>\n\n\n\n<ul class=\"wp-block-list\">\n<li> Pasaporte original (tarjeta de estudiante si es aplicable (CIIU)<\/li>\n\n\n\n<li> Bolsa de dormir<\/li>\n\n\n\n<li> Zapatos para caminar<\/li>\n\n\n\n<li> Chaqueta impermeable o poncho de lluvia<\/li>\n\n\n\n<li> Capa gruesa<\/li>\n\n\n\n<li> Sombrero y guantes.<\/li>\n\n\n\n<li> Camisas<\/li>\n\n\n\n<li> Pantalones c\u00f3modos<\/li>\n\n\n\n<li> Sombrero para el sol<\/li>\n\n\n\n<li> Bloqueador solar (factor 50 recomendado)<\/li>\n\n\n\n<li> Repelente de insectos<\/li>\n\n\n\n<li> El agua (se puede comprar en el camino)<\/li>\n\n\n\n<li> Art\u00edculos de aseo<\/li>\n\n\n\n<li> Personal medico<\/li>\n\n\n\n<li> La c\u00e1mara y la bater\u00eda.<\/li>\n\n\n\n<li> Linternas con pilas de repuesto<\/li>\n<\/ul>\n\n\n\n<h3 class=\"wp-block-heading\"><strong>SERVICIOS OPCIONALES (NO INCLUIDOS):<\/strong><\/h3>\n\n\n\n<ul class=\"wp-block-list\">\n<li> Bolsa de dormir - 10o C ($.25)<\/li>\n\n\n\n<li> Tienda de Personal ($.25)<\/li>\n\n\n\n<li> Bast\u00f3n ($.15)<\/li>\n<\/ul>\n\n\n\n<h2 id=\"precio\" class=\"wp-block-heading\">Precio<\/h2>\n\n\n\n<p class=\"wp-block-paragraph\"><strong>IMPORTANTE:<\/strong> Los precios dependen del servicio que contrate y del n\u00famero de personas. Debe ser flexible con sus fechas de viaje (dando alternativas de 1 o 2 d\u00edas en cada lado de la fecha preferida), la disponibilidad para fechas espec\u00edficas puede cambiar r\u00e1pidamente ya que solo hay 500 espacios en el Camino Inca por d\u00eda, disfrutaras de esta caminata salkantay cultural.<\/p>\n\n\n\n<h3 class=\"wp-block-heading\">Precios: Temporada 2025<\/h3>\n\n\n\n<p class=\"wp-block-paragraph\"><strong>Servicio Privado<\/strong><\/p>\n\n\n\n<ul class=\"wp-block-list\">\n<li><strong>U$. 620 por persona (Minimo 02 persona)<\/strong><\/li>\n<\/ul>\n\n\n\n<p class=\"wp-block-paragraph\"><strong>Descuentos<\/strong><\/p>\n\n\n\n<ul class=\"wp-block-list\">\n<li>Descuento estudiantes (solo con tarjeta activa): U$.20<\/li>\n\n\n\n<li> Menores de 18 a\u00f1os Descuento: U$.20<\/li>\n<\/ul>\n\n\n\n<h2 id=\"alojamiento\" class=\"wp-block-heading\">Alojamiento <\/h2>\n","protected":false},"excerpt":{"rendered":"<p>Salkantay Cultural Trek 5 dias, Esta es una opci\u00f3n, de sendero alternativo para llegar a la ciudad de Machu Picchu, Nueva y sorprendente! (\u00a1Te ofrecemos esta alternativa, donde podr\u00e1s disfrutar de los dos caminos, m\u00e1s famosos en sudamericana!). En este sendero de salkantay cultural Trek, podr\u00e1s disfrutar de la monta\u00f1a m\u00e1s alta de la regi\u00f3n, [&hellip;]<\/p>\n","protected":false},"author":1,"featured_media":5089,"comment_status":"closed","ping_status":"closed","sticky":false,"template":"","format":"standard","meta":{"_acf_changed":false,"advgb_blocks_editor_width":"","advgb_blocks_columns_visual_guide":"","footnotes":""},"categories":[15],"tags":[],"class_list":["post-393","post","type-post","status-publish","format-standard","has-post-thumbnail","hentry","category-caminatas-machu-picchu"],"acf":[],"yoast_head":"<!-- This site is optimized with the Yoast SEO plugin v28.4 - https:\/\/yoast.com\/product\/yoast-seo-wordpress\/ -->\n<title>Salkantay Cultural Trek | Camino Inca Per\u00fa | Mejores Treks Peru<\/title>\n<meta name=\"description\" content=\"Salkantay Cultural Trek. Es la mejor opci\u00f3n, para disfrutar del Camino de salkantay y el Camino Inca cl\u00e1sico. Vive la Magia de los Andes.\" \/>\n<meta name=\"robots\" content=\"index, follow, max-snippet:-1, max-image-preview:large, max-video-preview:-1\" \/>\n<link rel=\"canonical\" href=\"https:\/\/salkantayexpeditions.com\/es\/salkantay-cultural-trek-5dias\/\" \/>\n<meta property=\"og:locale\" content=\"es_ES\" \/>\n<meta property=\"og:type\" content=\"article\" \/>\n<meta property=\"og:title\" content=\"Salkantay Cultural Trek | Camino Inca Per\u00fa | Mejores Treks Peru\" \/>\n<meta property=\"og:description\" content=\"Salkantay Cultural Trek. Es la mejor opci\u00f3n, para disfrutar del Camino de salkantay y el Camino Inca cl\u00e1sico. Vive la Magia de los Andes.\" \/>\n<meta property=\"og:url\" content=\"https:\/\/salkantayexpeditions.com\/es\/salkantay-cultural-trek-5dias\/\" \/>\n<meta property=\"og:site_name\" content=\"Salkantay Expeditions\" \/>\n<meta property=\"article:published_time\" content=\"2020-03-18T21:11:07+00:00\" \/>\n<meta property=\"article:modified_time\" content=\"2026-08-12T23:54:52+00:00\" \/>\n<meta property=\"og:image\" content=\"https:\/\/salkantayexpeditions.com\/wp-content\/uploads\/2020\/03\/trek-cultural.jpg\" \/>\n\t<meta property=\"og:image:width\" content=\"420\" \/>\n\t<meta property=\"og:image:height\" content=\"235\" \/>\n\t<meta property=\"og:image:type\" content=\"image\/jpeg\" \/>\n<meta name=\"author\" content=\"Salkantay Expeditions\" \/>\n<meta name=\"twitter:card\" content=\"summary_large_image\" \/>\n<meta name=\"twitter:label1\" content=\"Escrito por\" \/>\n\t<meta name=\"twitter:data1\" content=\"Salkantay Expeditions\" \/>\n\t<meta name=\"twitter:label2\" content=\"Tiempo de lectura\" \/>\n\t<meta name=\"twitter:data2\" content=\"5 minutos\" \/>\n<script type=\"application\/ld+json\" class=\"yoast-schema-graph\">{\"@context\":\"https:\\\/\\\/schema.org\",\"@graph\":[{\"@type\":\"Article\",\"@id\":\"https:\\\/\\\/salkantayexpeditions.com\\\/es\\\/salkantay-cultural-trek-5dias\\\/#article\",\"isPartOf\":{\"@id\":\"https:\\\/\\\/salkantayexpeditions.com\\\/es\\\/salkantay-cultural-trek-5dias\\\/\"},\"author\":{\"name\":\"Salkantay Expeditions\",\"@id\":\"https:\\\/\\\/salkantayexpeditions.com\\\/en\\\/#\\\/schema\\\/person\\\/bbb640bd4152d8eade04b306fb508f53\"},\"headline\":\"Salkantay Cultural Trek 05 Dias\",\"datePublished\":\"2020-03-18T21:11:07+00:00\",\"dateModified\":\"2026-08-12T23:54:52+00:00\",\"mainEntityOfPage\":{\"@id\":\"https:\\\/\\\/salkantayexpeditions.com\\\/es\\\/salkantay-cultural-trek-5dias\\\/\"},\"wordCount\":1089,\"publisher\":{\"@id\":\"https:\\\/\\\/salkantayexpeditions.com\\\/en\\\/#organization\"},\"image\":{\"@id\":\"https:\\\/\\\/salkantayexpeditions.com\\\/es\\\/salkantay-cultural-trek-5dias\\\/#primaryimage\"},\"thumbnailUrl\":\"https:\\\/\\\/salkantayexpeditions.com\\\/wp-content\\\/uploads\\\/2020\\\/03\\\/trek-cultural.jpg\",\"articleSection\":[\"Caminatas Machu Picchu\"],\"inLanguage\":\"es\"},{\"@type\":\"WebPage\",\"@id\":\"https:\\\/\\\/salkantayexpeditions.com\\\/es\\\/salkantay-cultural-trek-5dias\\\/\",\"url\":\"https:\\\/\\\/salkantayexpeditions.com\\\/es\\\/salkantay-cultural-trek-5dias\\\/\",\"name\":\"Salkantay Cultural Trek | Camino Inca Per\u00fa | Mejores Treks Peru\",\"isPartOf\":{\"@id\":\"https:\\\/\\\/salkantayexpeditions.com\\\/en\\\/#website\"},\"primaryImageOfPage\":{\"@id\":\"https:\\\/\\\/salkantayexpeditions.com\\\/es\\\/salkantay-cultural-trek-5dias\\\/#primaryimage\"},\"image\":{\"@id\":\"https:\\\/\\\/salkantayexpeditions.com\\\/es\\\/salkantay-cultural-trek-5dias\\\/#primaryimage\"},\"thumbnailUrl\":\"https:\\\/\\\/salkantayexpeditions.com\\\/wp-content\\\/uploads\\\/2020\\\/03\\\/trek-cultural.jpg\",\"datePublished\":\"2020-03-18T21:11:07+00:00\",\"dateModified\":\"2026-08-12T23:54:52+00:00\",\"description\":\"Salkantay Cultural Trek. Es la mejor opci\u00f3n, para disfrutar del Camino de salkantay y el Camino Inca cl\u00e1sico. Vive la Magia de los Andes.\",\"breadcrumb\":{\"@id\":\"https:\\\/\\\/salkantayexpeditions.com\\\/es\\\/salkantay-cultural-trek-5dias\\\/#breadcrumb\"},\"inLanguage\":\"es\",\"potentialAction\":[{\"@type\":\"ReadAction\",\"target\":[\"https:\\\/\\\/salkantayexpeditions.com\\\/es\\\/salkantay-cultural-trek-5dias\\\/\"]}]},{\"@type\":\"ImageObject\",\"inLanguage\":\"es\",\"@id\":\"https:\\\/\\\/salkantayexpeditions.com\\\/es\\\/salkantay-cultural-trek-5dias\\\/#primaryimage\",\"url\":\"https:\\\/\\\/salkantayexpeditions.com\\\/wp-content\\\/uploads\\\/2020\\\/03\\\/trek-cultural.jpg\",\"contentUrl\":\"https:\\\/\\\/salkantayexpeditions.com\\\/wp-content\\\/uploads\\\/2020\\\/03\\\/trek-cultural.jpg\",\"width\":420,\"height\":235,\"caption\":\"Camino inca\"},{\"@type\":\"BreadcrumbList\",\"@id\":\"https:\\\/\\\/salkantayexpeditions.com\\\/es\\\/salkantay-cultural-trek-5dias\\\/#breadcrumb\",\"itemListElement\":[{\"@type\":\"ListItem\",\"position\":1,\"name\":\"Home\",\"item\":\"https:\\\/\\\/salkantayexpeditions.com\\\/es\\\/\"},{\"@type\":\"ListItem\",\"position\":2,\"name\":\"Caminatas Machu Picchu\",\"item\":\"https:\\\/\\\/salkantayexpeditions.com\\\/es\\\/caminatas-machu-picchu\\\/\"},{\"@type\":\"ListItem\",\"position\":3,\"name\":\"Salkantay Cultural Trek 05 Dias\"}]},{\"@type\":\"WebSite\",\"@id\":\"https:\\\/\\\/salkantayexpeditions.com\\\/en\\\/#website\",\"url\":\"https:\\\/\\\/salkantayexpeditions.com\\\/en\\\/\",\"name\":\"Salkantay Expeditions\",\"description\":\"\",\"publisher\":{\"@id\":\"https:\\\/\\\/salkantayexpeditions.com\\\/en\\\/#organization\"},\"potentialAction\":[{\"@type\":\"SearchAction\",\"target\":{\"@type\":\"EntryPoint\",\"urlTemplate\":\"https:\\\/\\\/salkantayexpeditions.com\\\/en\\\/?s={search_term_string}\"},\"query-input\":{\"@type\":\"PropertyValueSpecification\",\"valueRequired\":true,\"valueName\":\"search_term_string\"}}],\"inLanguage\":\"es\"},{\"@type\":\"Organization\",\"@id\":\"https:\\\/\\\/salkantayexpeditions.com\\\/en\\\/#organization\",\"name\":\"Salkantay Expeditions\",\"url\":\"https:\\\/\\\/salkantayexpeditions.com\\\/en\\\/\",\"logo\":{\"@type\":\"ImageObject\",\"inLanguage\":\"es\",\"@id\":\"https:\\\/\\\/salkantayexpeditions.com\\\/en\\\/#\\\/schema\\\/logo\\\/image\\\/\",\"url\":\"https:\\\/\\\/salkantayexpeditions.com\\\/wp-content\\\/uploads\\\/2026\\\/08\\\/logo-se.png\",\"contentUrl\":\"https:\\\/\\\/salkantayexpeditions.com\\\/wp-content\\\/uploads\\\/2026\\\/08\\\/logo-se.png\",\"width\":1221,\"height\":676,\"caption\":\"Salkantay Expeditions\"},\"image\":{\"@id\":\"https:\\\/\\\/salkantayexpeditions.com\\\/en\\\/#\\\/schema\\\/logo\\\/image\\\/\"}},{\"@type\":\"Person\",\"@id\":\"https:\\\/\\\/salkantayexpeditions.com\\\/en\\\/#\\\/schema\\\/person\\\/bbb640bd4152d8eade04b306fb508f53\",\"name\":\"Salkantay Expeditions\",\"image\":{\"@type\":\"ImageObject\",\"inLanguage\":\"es\",\"@id\":\"https:\\\/\\\/secure.gravatar.com\\\/avatar\\\/241a3ec924f1d5116d20cc151eeae609250d15307fbbb125bd7848c2fb779e65?s=96&d=mm&r=g\",\"url\":\"https:\\\/\\\/secure.gravatar.com\\\/avatar\\\/241a3ec924f1d5116d20cc151eeae609250d15307fbbb125bd7848c2fb779e65?s=96&d=mm&r=g\",\"contentUrl\":\"https:\\\/\\\/secure.gravatar.com\\\/avatar\\\/241a3ec924f1d5116d20cc151eeae609250d15307fbbb125bd7848c2fb779e65?s=96&d=mm&r=g\",\"caption\":\"Salkantay Expeditions\"},\"sameAs\":[\"https:\\\/\\\/salkantayexpeditions.com\"],\"url\":\"https:\\\/\\\/salkantayexpeditions.com\\\/es\\\/author\\\/admin_se\\\/\"}]}<\/script>\n<!-- \/ Yoast SEO plugin. -->","yoast_head_json":{"title":"Salkantay Cultural Trek | Camino Inca Per\u00fa | Mejores Treks Peru","description":"Salkantay Cultural Trek. Es la mejor opci\u00f3n, para disfrutar del Camino de salkantay y el Camino Inca cl\u00e1sico. Vive la Magia de los Andes.","robots":{"index":"index","follow":"follow","max-snippet":"max-snippet:-1","max-image-preview":"max-image-preview:large","max-video-preview":"max-video-preview:-1"},"canonical":"https:\/\/salkantayexpeditions.com\/es\/salkantay-cultural-trek-5dias\/","og_locale":"es_ES","og_type":"article","og_title":"Salkantay Cultural Trek | Camino Inca Per\u00fa | Mejores Treks Peru","og_description":"Salkantay Cultural Trek. Es la mejor opci\u00f3n, para disfrutar del Camino de salkantay y el Camino Inca cl\u00e1sico. Vive la Magia de los Andes.","og_url":"https:\/\/salkantayexpeditions.com\/es\/salkantay-cultural-trek-5dias\/","og_site_name":"Salkantay Expeditions","article_published_time":"2020-03-18T21:11:07+00:00","article_modified_time":"2026-08-12T23:54:52+00:00","og_image":[{"width":420,"height":235,"url":"https:\/\/salkantayexpeditions.com\/wp-content\/uploads\/2020\/03\/trek-cultural.jpg","type":"image\/jpeg"}],"author":"Salkantay Expeditions","twitter_card":"summary_large_image","twitter_misc":{"Escrito por":"Salkantay Expeditions","Tiempo de lectura":"5 minutos"},"schema":{"@context":"https:\/\/schema.org","@graph":[{"@type":"Article","@id":"https:\/\/salkantayexpeditions.com\/es\/salkantay-cultural-trek-5dias\/#article","isPartOf":{"@id":"https:\/\/salkantayexpeditions.com\/es\/salkantay-cultural-trek-5dias\/"},"author":{"name":"Salkantay Expeditions","@id":"https:\/\/salkantayexpeditions.com\/en\/#\/schema\/person\/bbb640bd4152d8eade04b306fb508f53"},"headline":"Salkantay Cultural Trek 05 Dias","datePublished":"2020-03-18T21:11:07+00:00","dateModified":"2026-08-12T23:54:52+00:00","mainEntityOfPage":{"@id":"https:\/\/salkantayexpeditions.com\/es\/salkantay-cultural-trek-5dias\/"},"wordCount":1089,"publisher":{"@id":"https:\/\/salkantayexpeditions.com\/en\/#organization"},"image":{"@id":"https:\/\/salkantayexpeditions.com\/es\/salkantay-cultural-trek-5dias\/#primaryimage"},"thumbnailUrl":"https:\/\/salkantayexpeditions.com\/wp-content\/uploads\/2020\/03\/trek-cultural.jpg","articleSection":["Caminatas Machu Picchu"],"inLanguage":"es"},{"@type":"WebPage","@id":"https:\/\/salkantayexpeditions.com\/es\/salkantay-cultural-trek-5dias\/","url":"https:\/\/salkantayexpeditions.com\/es\/salkantay-cultural-trek-5dias\/","name":"Salkantay Cultural Trek | Camino Inca Per\u00fa | Mejores Treks Peru","isPartOf":{"@id":"https:\/\/salkantayexpeditions.com\/en\/#website"},"primaryImageOfPage":{"@id":"https:\/\/salkantayexpeditions.com\/es\/salkantay-cultural-trek-5dias\/#primaryimage"},"image":{"@id":"https:\/\/salkantayexpeditions.com\/es\/salkantay-cultural-trek-5dias\/#primaryimage"},"thumbnailUrl":"https:\/\/salkantayexpeditions.com\/wp-content\/uploads\/2020\/03\/trek-cultural.jpg","datePublished":"2020-03-18T21:11:07+00:00","dateModified":"2026-08-12T23:54:52+00:00","description":"Salkantay Cultural Trek. Es la mejor opci\u00f3n, para disfrutar del Camino de salkantay y el Camino Inca cl\u00e1sico. Vive la Magia de los Andes.","breadcrumb":{"@id":"https:\/\/salkantayexpeditions.com\/es\/salkantay-cultural-trek-5dias\/#breadcrumb"},"inLanguage":"es","potentialAction":[{"@type":"ReadAction","target":["https:\/\/salkantayexpeditions.com\/es\/salkantay-cultural-trek-5dias\/"]}]},{"@type":"ImageObject","inLanguage":"es","@id":"https:\/\/salkantayexpeditions.com\/es\/salkantay-cultural-trek-5dias\/#primaryimage","url":"https:\/\/salkantayexpeditions.com\/wp-content\/uploads\/2020\/03\/trek-cultural.jpg","contentUrl":"https:\/\/salkantayexpeditions.com\/wp-content\/uploads\/2020\/03\/trek-cultural.jpg","width":420,"height":235,"caption":"Camino inca"},{"@type":"BreadcrumbList","@id":"https:\/\/salkantayexpeditions.com\/es\/salkantay-cultural-trek-5dias\/#breadcrumb","itemListElement":[{"@type":"ListItem","position":1,"name":"Home","item":"https:\/\/salkantayexpeditions.com\/es\/"},{"@type":"ListItem","position":2,"name":"Caminatas Machu Picchu","item":"https:\/\/salkantayexpeditions.com\/es\/caminatas-machu-picchu\/"},{"@type":"ListItem","position":3,"name":"Salkantay Cultural Trek 05 Dias"}]},{"@type":"WebSite","@id":"https:\/\/salkantayexpeditions.com\/en\/#website","url":"https:\/\/salkantayexpeditions.com\/en\/","name":"Salkantay Expeditions","description":"","publisher":{"@id":"https:\/\/salkantayexpeditions.com\/en\/#organization"},"potentialAction":[{"@type":"SearchAction","target":{"@type":"EntryPoint","urlTemplate":"https:\/\/salkantayexpeditions.com\/en\/?s={search_term_string}"},"query-input":{"@type":"PropertyValueSpecification","valueRequired":true,"valueName":"search_term_string"}}],"inLanguage":"es"},{"@type":"Organization","@id":"https:\/\/salkantayexpeditions.com\/en\/#organization","name":"Salkantay Expeditions","url":"https:\/\/salkantayexpeditions.com\/en\/","logo":{"@type":"ImageObject","inLanguage":"es","@id":"https:\/\/salkantayexpeditions.com\/en\/#\/schema\/logo\/image\/","url":"https:\/\/salkantayexpeditions.com\/wp-content\/uploads\/2026\/08\/logo-se.png","contentUrl":"https:\/\/salkantayexpeditions.com\/wp-content\/uploads\/2026\/08\/logo-se.png","width":1221,"height":676,"caption":"Salkantay Expeditions"},"image":{"@id":"https:\/\/salkantayexpeditions.com\/en\/#\/schema\/logo\/image\/"}},{"@type":"Person","@id":"https:\/\/salkantayexpeditions.com\/en\/#\/schema\/person\/bbb640bd4152d8eade04b306fb508f53","name":"Salkantay Expeditions","image":{"@type":"ImageObject","inLanguage":"es","@id":"https:\/\/secure.gravatar.com\/avatar\/241a3ec924f1d5116d20cc151eeae609250d15307fbbb125bd7848c2fb779e65?s=96&d=mm&r=g","url":"https:\/\/secure.gravatar.com\/avatar\/241a3ec924f1d5116d20cc151eeae609250d15307fbbb125bd7848c2fb779e65?s=96&d=mm&r=g","contentUrl":"https:\/\/secure.gravatar.com\/avatar\/241a3ec924f1d5116d20cc151eeae609250d15307fbbb125bd7848c2fb779e65?s=96&d=mm&r=g","caption":"Salkantay Expeditions"},"sameAs":["https:\/\/salkantayexpeditions.com"],"url":"https:\/\/salkantayexpeditions.com\/es\/author\/admin_se\/"}]}},"author_meta":{"display_name":"Salkantay Expeditions","author_link":"https:\/\/salkantayexpeditions.com\/es\/author\/admin_se\/"},"featured_img":"https:\/\/salkantayexpeditions.com\/wp-content\/uploads\/2020\/03\/trek-cultural-300x168.jpg","coauthors":[],"tax_additional":{"categories":{"linked":["<a href=\"https:\/\/salkantayexpeditions.com\/es\/caminatas-machu-picchu\/\" class=\"advgb-post-tax-term\">Caminatas Machu Picchu<\/a>"],"unlinked":["<span class=\"advgb-post-tax-term\">Caminatas Machu Picchu<\/span>"]}},"comment_count":"0","relative_dates":{"created":"Publicado 6 a\u00f1os hace","modified":"Actualizado 3 semanas hace"},"absolute_dates":{"created":"Publicado el marzo 18, 2020","modified":"Actualizado el agosto 12, 2026"},"absolute_dates_time":{"created":"Publicado el marzo 18, 2020 9:11 pm","modified":"Actualizado el agosto 12, 2026 11:54 pm"},"featured_img_caption":"","series_order":"","_links":{"self":[{"href":"https:\/\/salkantayexpeditions.com\/es\/wp-json\/wp\/v2\/posts\/393","targetHints":{"allow":["GET"]}}],"collection":[{"href":"https:\/\/salkantayexpeditions.com\/es\/wp-json\/wp\/v2\/posts"}],"about":[{"href":"https:\/\/salkantayexpeditions.com\/es\/wp-json\/wp\/v2\/types\/post"}],"author":[{"embeddable":true,"href":"https:\/\/salkantayexpeditions.com\/es\/wp-json\/wp\/v2\/users\/1"}],"replies":[{"embeddable":true,"href":"https:\/\/salkantayexpeditions.com\/es\/wp-json\/wp\/v2\/comments?post=393"}],"version-history":[{"count":4,"href":"https:\/\/salkantayexpeditions.com\/es\/wp-json\/wp\/v2\/posts\/393\/revisions"}],"predecessor-version":[{"id":11486,"href":"https:\/\/salkantayexpeditions.com\/es\/wp-json\/wp\/v2\/posts\/393\/revisions\/11486"}],"wp:featuredmedia":[{"embeddable":true,"href":"https:\/\/salkantayexpeditions.com\/es\/wp-json\/wp\/v2\/media\/5089"}],"wp:attachment":[{"href":"https:\/\/salkantayexpeditions.com\/es\/wp-json\/wp\/v2\/media?parent=393"}],"wp:term":[{"taxonomy":"category","embeddable":true,"href":"https:\/\/salkantayexpeditions.com\/es\/wp-json\/wp\/v2\/categories?post=393"},{"taxonomy":"post_tag","embeddable":true,"href":"https:\/\/salkantayexpeditions.com\/es\/wp-json\/wp\/v2\/tags?post=393"}],"curies":[{"name":"wp","href":"https:\/\/api.w.org\/{rel}","templated":true}]}}