{"id":445,"date":"2020-03-18T21:27:24","date_gmt":"2020-03-18T21:27:24","guid":{"rendered":"https:\/\/salkantayexpeditions.com\/?p=445"},"modified":"2026-08-12T22:03:10","modified_gmt":"2026-08-12T22:03:10","slug":"valle-sagrado-de-los-incas-1dia","status":"publish","type":"post","link":"https:\/\/salkantayexpeditions.com\/es\/valle-sagrado-de-los-incas-1dia\/","title":{"rendered":"Valle Sagrado de los Incas Todo el D\u00eda"},"content":{"rendered":"\n<p class=\"wp-block-paragraph\"><strong>El<\/strong> <strong>Valle Sagrado de los Incas<\/strong>, en los Andes peruanos est\u00e1 compuesto por numerosos r\u00edos que descienden por arroyos y valles; Cuenta con numerosos monumentos arqueol\u00f3gicos y <strong>pueblos ind\u00edgenas<\/strong>. Este valle fue apreciado por los incas debido a sus especiales cualidades geogr\u00e1ficas y clim\u00e1ticas. Fue uno de los principales puntos de producci\u00f3n por la riqueza de sus tierras y el lugar donde se produce el mejor ma\u00edz del <strong><a href=\"https:\/\/es.wikipedia.org\/wiki\/Per%C3%BA\">Per\u00fa<\/a><\/strong>.<\/p>\n\n\n\n<p class=\"wp-block-paragraph\"><strong>En el Valle Sagrado<\/strong>. Se extendieron hermosas <strong>ciudades coloniales<\/strong> que se crearon, y ahora muestran su cruzamiento en la arquitectura, el arte y la cultura vivos. Est\u00e1n los <strong>pueblos de Chinchero <\/strong>y sus tejedores, Pisac y su feria artesanal, Urubamba y su cosmopolitismo, Ollantaytambo, con su fortaleza inca y sus habitantes. La majestuosa Ciudad Inca de <a href=\"https:\/\/salkantayexpeditions.com\/es\/machu-picchu-en-tren-full-day\/\">Machu Picchu<\/a>.<\/p>\n\n\n\n<p class=\"wp-block-paragraph\"><strong>Moray Maras, con sus deslumbrantes minas de sal<\/strong>, en estos territorios, el Valle Sagrado, varias comunidades han creado productos de turismo rural y turismo experimental que sorprenden a amigos y extra\u00f1os. Cada uno de ellos es un mundo en s\u00ed mismo, y juntos componen una forma \u00fanica de descubrir la <strong>regi\u00f3n m\u00e1s tradicional de los Andes <\/strong>sudamericanos.<\/p>\n\n\n<div id=\"tour-nav\" class=\"rounded\">\n    <nav class=\"tour-nav-inner\">\n\n        <a href=\"#resumen\" class=\"tour-nav-link\">\n            <span class=\"tour-nav-icon\">\n                <svg xmlns=\"http:\/\/www.w3.org\/2000\/svg\" width=\"22\" height=\"22\" fill=\"none\" viewBox=\"0 0 24 24\" stroke=\"currentColor\" stroke-width=\"1.8\">\n                    <path stroke-linecap=\"round\" stroke-linejoin=\"round\" d=\"M8 6h13M8 12h13M8 18h13M3 6h.01M3 12h.01M3 18h.01\"\/>\n                <\/svg>\n            <\/span>\n            <span class=\"tour-nav-label\">Resumen<\/span>\n        <\/a>\n\n        <a href=\"#itinerario\" class=\"tour-nav-link\">\n            <span class=\"tour-nav-icon\">\n                <svg xmlns=\"http:\/\/www.w3.org\/2000\/svg\" width=\"22\" height=\"22\" fill=\"none\" viewBox=\"0 0 24 24\" stroke=\"currentColor\" stroke-width=\"1.8\">\n                    <path stroke-linecap=\"round\" stroke-linejoin=\"round\" d=\"M8 7V3m8 4V3M4 11h16M5 21h14a2 2 0 002-2V7a2 2 0 00-2-2H5a2 2 0 00-2 2v12a2 2 0 002 2zM9 15l2 2 4-4\"\/>\n                <\/svg>\n            <\/span>\n            <span class=\"tour-nav-label\">Itinerario<\/span>\n        <\/a>\n\n        <a href=\"#incluye\" class=\"tour-nav-link\">\n            <span class=\"tour-nav-icon\">\n                <svg xmlns=\"http:\/\/www.w3.org\/2000\/svg\" width=\"22\" height=\"22\" fill=\"none\" viewBox=\"0 0 24 24\" stroke=\"currentColor\" stroke-width=\"1.8\">\n                    <path stroke-linecap=\"round\" stroke-linejoin=\"round\" d=\"M20 7l-8-4-8 4m16 0l-8 4m8-4v10l-8 4m0-10L4 7m8 4v10\"\/>\n                <\/svg>\n            <\/span>\n            <span class=\"tour-nav-label\">Incluye<\/span>\n        <\/a>\n\n        <a href=\"#que-llevar\" class=\"tour-nav-link\">\n            <span class=\"tour-nav-icon\">\n                <svg xmlns=\"http:\/\/www.w3.org\/2000\/svg\" width=\"22\" height=\"22\" fill=\"none\" viewBox=\"0 0 24 24\" stroke=\"currentColor\" stroke-width=\"1.8\">\n                    <path stroke-linecap=\"round\" stroke-linejoin=\"round\" d=\"M9 8V6a3 3 0 016 0v2m-9 0h12a2 2 0 012 2v9a2 2 0 01-2 2H6a2 2 0 01-2-2v-9a2 2 0 012-2zm2 4h8m-8 4h5\"\/>\n                <\/svg>\n            <\/span>\n            <span class=\"tour-nav-label\">Qu\u00e9 Llevar<\/span>\n        <\/a>\n\n        <a href=\"#precio\" class=\"tour-nav-link\">\n            <span class=\"tour-nav-icon\">\n                <svg xmlns=\"http:\/\/www.w3.org\/2000\/svg\" width=\"22\" height=\"22\" fill=\"none\" viewBox=\"0 0 24 24\" stroke=\"currentColor\" stroke-width=\"1.8\">\n                    <path stroke-linecap=\"round\" stroke-linejoin=\"round\" d=\"M12 8c-1.657 0-3 .895-3 2s1.343 2 3 2 3 .895 3 2-1.343 2-3 2m0-8c1.11 0 2.08.402 2.599 1M12 8V7m0 1v8m0 0v1m0-1c-1.11 0-2.08-.402-2.599-1M21 12a9 9 0 11-18 0 9 9 0 0118 0z\"\/>\n                <\/svg>\n            <\/span>\n            <span class=\"tour-nav-label\">Precio<\/span>\n        <\/a>\n\n        <a href=\"#alojamiento\" class=\"tour-nav-link\">\n            <span class=\"tour-nav-icon\">\n                <svg xmlns=\"http:\/\/www.w3.org\/2000\/svg\" width=\"22\" height=\"22\" fill=\"none\" viewBox=\"0 0 24 24\" stroke=\"currentColor\" stroke-width=\"1.8\">\n                    <path stroke-linecap=\"round\" stroke-linejoin=\"round\" d=\"M3 12l9-9 9 9M5 10v9a1 1 0 001 1h4v-5h4v5h4a1 1 0 001-1v-9\"\/>\n                <\/svg>\n            <\/span>\n            <span class=\"tour-nav-label\">Alojamiento<\/span>\n        <\/a>\n\n    <\/nav>\n<\/div>\n<script>\ndocument.addEventListener('DOMContentLoaded', function () {\n    var siteNav = document.querySelector('header + nav') || document.querySelector('nav.sticky');\n    var tourNav = document.getElementById('tour-nav');\n\n    function applyNavOffset() {\n        if (!tourNav) return;\n        var navH = (window.innerWidth >= 768 && siteNav) ? siteNav.offsetHeight : 0;\n        tourNav.style.top = navH + 'px';\n        document.documentElement.style.setProperty('--header-h', navH + 'px');\n    }\n\n    window.addEventListener('load', applyNavOffset);\n    window.addEventListener('resize', applyNavOffset);\n    applyNavOffset();\n\n    \/\/ Active link tracking\n    var links     = document.querySelectorAll('#tour-nav .tour-nav-link');\n    var container = document.querySelector('#tour-nav .tour-nav-inner');\n    if (!links.length) return;\n\n    var targets = [];\n    links.forEach(function (link) {\n        var el = document.getElementById(link.getAttribute('href').replace('#', ''));\n        if (el) targets.push(el);\n    });\n    if (!targets.length) return;\n\n    function scrollNavToActive(activeLink) {\n        if (!container || !activeLink) return;\n        var scrollTo = activeLink.offsetLeft - (container.offsetWidth \/ 2) + (activeLink.offsetWidth \/ 2);\n        container.scrollTo({ left: scrollTo, behavior: 'smooth' });\n    }\n\n    function setActive(id) {\n        var activeLink = null;\n        links.forEach(function (l) {\n            var match = l.getAttribute('href').replace('#', '') === id;\n            l.classList.toggle('is-active', match);\n            if (match) activeLink = l;\n        });\n        scrollNavToActive(activeLink);\n    }\n\n    function totalOffset() {\n        var siteNavH = siteNav ? siteNav.offsetHeight : 0;\n        var tourNavH = tourNav ? tourNav.offsetHeight : 52;\n        return siteNavH + tourNavH;\n    }\n\n    function updateActive() {\n        var offset = totalOffset();\n        var activeId = targets[0].getAttribute('id');\n        targets.forEach(function (el) {\n            if (el.getBoundingClientRect().top <= offset + 16) activeId = el.getAttribute('id');\n        });\n        setActive(activeId);\n    }\n\n    setActive(targets[0].getAttribute('id'));\n    window.addEventListener('scroll', updateActive, { passive: true });\n\n    links.forEach(function (link) {\n        link.addEventListener('click', function (e) {\n            e.preventDefault();\n            var target = document.getElementById(this.getAttribute('href').replace('#', ''));\n            if (!target) return;\n            window.scrollTo({ top: target.getBoundingClientRect().top + window.pageYOffset - totalOffset() - 8, behavior: 'smooth' });\n            setActive(this.getAttribute('href').replace('#', ''));\n        });\n    });\n});\n<\/script>\n\n\n\n<h2 id=\"resumen\" class=\"wp-block-heading\">Resumen<\/h2>\n\n\n\n<p class=\"wp-block-paragraph\">El Valle Sagrado, tambi\u00e9n conocido como Valle de Urubamba, pertenece a la regi\u00f3n de los Andes peruanos. Esta zona destaca por sus impresionantes paisajes, su rica historia y su vibrante cultura. \u00a1Av\u00edsame si necesitas m\u00e1s ayuda!<\/p>\n\n\n\n<h3 class=\"wp-block-heading\">Ubicaci\u00f3n<\/h3>\n\n\n\n<ul class=\"wp-block-list\">\n<li>Regi\u00f3n: Regi\u00f3n de Cusco.<\/li>\n\n\n\n<li>Provincias: Principalmente dentro de las provincias de Urubamba, Calca y Cusco.<\/li>\n\n\n\n<li>Caracter\u00edsticas geogr\u00e1ficas: La Cordillera de los Andes flanquea el valle que se extiende a lo largo del r\u00edo Urubamba.<\/li>\n<\/ul>\n\n\n\n<h3 class=\"wp-block-heading\">Geograf\u00eda<\/h3>\n\n\n\n<ul class=\"wp-block-list\">\n<li>Elevaci\u00f3n: Var\u00eda entre los 2000 y los 3000 metros sobre el nivel del mar.<\/li>\n\n\n\n<li>Relieve: El valle presenta llanuras f\u00e9rtiles, laderas con terrazas y monta\u00f1as escarpadas, lo que le confiere un paisaje diverso.<\/li>\n<\/ul>\n\n\n\n<h3 class=\"wp-block-heading\">Importancia hist\u00f3rica<\/h3>\n\n\n\n<ul class=\"wp-block-list\">\n<li>Imperio Inca: El Valle Sagrado fue un importante centro agr\u00edcola, espiritual y pol\u00edtico para la civilizaci\u00f3n inca. Los incas aprovecharon la tierra f\u00e9rtil del valle para cultivar, especialmente ma\u00edz y papa. Sitios arqueol\u00f3gicos:<\/li>\n\n\n\n<li>Pisac: Conocido por sus terrazas bien conservadas e impresionantes ruinas.<\/li>\n\n\n\n<li>Ollantaytambo: Con imponentes estructuras de piedra, fue un estrat\u00e9gico centro militar, agr\u00edcola y religioso.<\/li>\n\n\n\n<li>Chincheros: Famoso por sus terrazas circulares, que se cree se utilizaron para la experimentaci\u00f3n agr\u00edcola.<\/li>\n<\/ul>\n\n\n\n<h3 class=\"wp-block-heading\">Importancia cultural<\/h3>\n\n\n\n<p class=\"wp-block-paragraph\">Comunidades quechuas: El valle est\u00e1 habitado por comunidades quechuahablantes que conservan sus costumbres y artesan\u00edas tradicionales.<br>Festividades y tradiciones: Las festividades locales, la m\u00fasica tradicional, la danza y los mercados artesanales son parte integral del tejido cultural de la regi\u00f3n.<\/p>\n\n\n\n<h3 class=\"wp-block-heading\">Turismo<\/h3>\n\n\n\n<ul class=\"wp-block-list\">\n<li>Destino popular: El Valle Sagrado es una importante atracci\u00f3n tur\u00edstica, frecuentemente visitada como parte del viaje a Machu Picchu. Ofrece una variedad de actividades, como senderismo, ciclismo de monta\u00f1a y la exploraci\u00f3n de ruinas incas.<\/li>\n\n\n\n<li>Pueblos y pueblos: Pueblos clave como Pisac, Urubamba, Ollantaytambo y Chinchero sirven como base para explorar el valle. Cada pueblo tiene su encanto y atracciones \u00fanicas. <\/li>\n<\/ul>\n\n\n\n<h3 class=\"wp-block-heading\">Belleza Natural<\/h3>\n\n\n\n<p class=\"wp-block-paragraph\">Paisajes Esc\u00e9nicos: Los pintorescos paisajes del valle, con el r\u00edo Urubamba serpenteando entre verdes campos y picos nevados de fondo, lo convierten en un para\u00edso para los fot\u00f3grafos.<br>Biodiversidad: Los diversos ecosistemas albergan una gran variedad de flora y fauna, lo que realza el atractivo natural del valle.<\/p>\n\n\n\n<h3 class=\"wp-block-heading\">Informaci\u00f3n Pr\u00e1ctica para Visitantes<\/h3>\n\n\n\n<ul class=\"wp-block-list\">\n<li>Aclimataci\u00f3n: Dada la gran altitud, es recomendable pasar unos d\u00edas de aclimataci\u00f3n en Cusco o en el propio valle antes de realizar actividades extenuantes.<\/li>\n\n\n\n<li>Consejos de Viaje: Se recomienda traer calzado c\u00f3modo para caminar, protecci\u00f3n solar y varias capas de ropa para adaptarse a las variaciones de temperatura.<\/li>\n<\/ul>\n\n\n\n<p class=\"wp-block-paragraph\">El Valle Sagrado es un destino cautivador que ofrece una combinaci\u00f3n de belleza natural, historia y riqueza cultural, lo que lo convierte en una visita obligada para quienes viajan a Per\u00fa.<\/p>\n\n\n\n<h2 id=\"itinerario\" class=\"wp-block-heading\">Itinerario<\/h2>\n\n\n\n<h3 class=\"wp-block-heading\"> Pueblo y parque arqueol\u00f3gico de Pisac:<\/h3>\n\n\n\n<p class=\"wp-block-paragraph\">A\u00fan se puede apreciar la magn\u00edfica y antigua arquitectura de la ciudad inca, as\u00ed como sus terrazas agr\u00edcolas. Nuestro recorrido por Pisac dura aproximadamente 2 horas antes de regresar al valle para visitar el colorido y tradicional mercado local, donde podr\u00e1 comprar textiles tradicionales a precios econ\u00f3micos. Despu\u00e9s de visitar el mercado, nuestro viaje contin\u00faa por el hermoso Valle Sagrado, cruzando el valle para contemplar los campos de ma\u00edz. Nuestro pr\u00f3ximo destino es Urubamba, donde llegaremos aproximadamente a las 13:00 h para disfrutar de un almuerzo (opcional) en un restaurante local.<\/p>\n\n\n\n<p class=\"wp-block-paragraph\"><strong>Sitio arqueol\u00f3gico de Pisac:<\/strong> Uno de los sitios incas m\u00e1s importantes del Valle Sagrado, las ruinas de Pisac incluyen:<\/p>\n\n\n\n<ul class=\"wp-block-list\">\n<li>Terrazas: Extensas terrazas agr\u00edcolas que demuestran las avanzadas t\u00e9cnicas agr\u00edcolas incas.<\/li>\n\n\n\n<li>Complejo de templos: Esta zona incluye templos, altares y ba\u00f1os ceremoniales. El Templo del Sol destaca por su fina mamposter\u00eda.<\/li>\n\n\n\n<li>Intihuatana: Una piedra ritual asociada con las observaciones astron\u00f3micas, similar a las que se encuentran en Machu Picchu. Zona Militar: Fortificaciones y torres de vigilancia que resaltan la importancia estrat\u00e9gica de Pisac.<\/li>\n\n\n\n<li>Mercado de Pisac: El pueblo es famoso por su vibrante mercado, que opera diariamente, con su mayor afluencia los domingos. El mercado ofrece una amplia variedad de artesan\u00edas locales, textiles, cer\u00e1mica y productos frescos. Iglesia Colonial: La iglesia colonial de San Pedro Ap\u00f3stol, ubicada en la plaza principal, es un ejemplo de la fusi\u00f3n de las influencias inca y espa\u00f1ola. Continuamos a Urubamba lugar donde tendremos nuestro almuerzo, en un restaurante t\u00edpico de la zona<\/li>\n<\/ul>\n\n\n\n<h3 class=\"wp-block-heading\">Pueblo inca viviente de Ollantaytambo.<\/h3>\n\n\n\n<p class=\"wp-block-paragraph\">Este lugar fue construido con rocas de granito rosado y es otro gran ejemplo de la arquitectura inca. Aqu\u00ed, los bloques l\u00edticos tienen un peso de 90 toneladas y se utilizaron como parte del Templo del Sol. A continuaci\u00f3n, una breve descripci\u00f3n del lugar.<\/p>\n\n\n\n<p class=\"wp-block-paragraph\"><strong>Sitio Arqueol\u00f3gico de Ollantaytambo:<\/strong> Las ruinas incluyen impresionantes terrazas, templos y estructuras militares. Entre sus caracter\u00edsticas m\u00e1s destacadas se incluyen:<\/p>\n\n\n\n<ul class=\"wp-block-list\">\n<li>Templo del Sol: Grandes monolitos de piedra y canter\u00eda finamente trabajada demuestran las avanzadas habilidades de ingenier\u00eda de los incas. <\/li>\n\n\n\n<li>Terrazas: Las terrazas agr\u00edcolas son un testimonio de las sofisticadas t\u00e9cnicas agr\u00edcolas de los incas.<\/li>\n\n\n\n<li>Almacenes (Qollqa): Estas estructuras se utilizaban para almacenar alimentos y otros suministros.<\/li>\n<\/ul>\n\n\n\n<p class=\"wp-block-paragraph\"><strong>Pueblo Antiguo: <\/strong>El pueblo en s\u00ed conserva gran parte de su trazado inca original, con estrechas calles empedradas y tradicionales construcciones de piedra. Es uno de los pocos lugares donde a\u00fan se habitan las viviendas incas originales. Pinkuylluna: Estas ruinas se ubican en la colina frente al sitio arqueol\u00f3gico principal y se utilizaban como almacenes. La caminata a Pinkuylluna ofrece excelentes vistas de Ollantaytambo.<\/p>\n\n\n\n<h3 class=\"wp-block-heading\">Pueblo Tradicional de Chincheros.<\/h3>\n\n\n\n<p class=\"wp-block-paragraph\">Ubicado a 3800 metros, donde observaremos. Sitio Arqueol\u00f3gico: Las ruinas incas de Chinchero incluyen terrazas bien conservadas, muros de piedra y portales trapezoidales. Estas ruinas ofrecen una visi\u00f3n de las sofisticadas habilidades arquitect\u00f3nicas y de ingenier\u00eda de los incas. Iglesia Colonial: La Iglesia de Nuestra Se\u00f1ora de Monserrat, construida a principios del siglo XVII, es un punto destacado de Chinchero. Posee hermosos murales y un interior ricamente decorado que combina elementos art\u00edsticos andinos y espa\u00f1oles. Mercado Textil: Chinchero es famoso por sus t\u00e9cnicas tradicionales de tejido. El mercado local y varias cooperativas de tejidos ofrecen a los visitantes la oportunidad de ver demostraciones de los procesos tradicionales de te\u00f1ido y tejido, y de comprar textiles hechos a mano. Despu\u00e9s de visitar este hermoso pueblo, regresaremos a la ciudad de Cusco aproximadamente a las 19:00 h.<\/p>\n\n\n\n<h2 id=\"incluye\" class=\"wp-block-heading\">Incluye<\/h2>\n\n\n\n<h3 class=\"wp-block-heading\">SERVICIO INCLUYE:<\/h3>\n\n\n\n<ul class=\"wp-block-list is-style-check\">\n<li>Bus Tur\u00edstico.<\/li>\n\n\n\n<li>Gu\u00eda profesional.<\/li>\n\n\n\n<li>Almuerzo (opcional)<\/li>\n<\/ul>\n\n\n\n<h3 class=\"wp-block-heading\">NO INCLUIDO:<\/h3>\n\n\n\n<ul class=\"wp-block-list is-style-no-check\">\n<li>Boleto tur\u00edstico<\/li>\n\n\n\n<li>Almuerzo<\/li>\n\n\n\n<li>Gastos adicionales.<\/li>\n<\/ul>\n\n\n\n<h2 id=\"que-llevar\" class=\"wp-block-heading\">Qu\u00e9 Llvar<\/h2>\n\n\n\n<p class=\"wp-block-paragraph\"><strong>USTED NECESITA TRAER:<\/strong><\/p>\n\n\n\n<ul class=\"wp-block-list\">\n<li>Chaqueta gruesa<\/li>\n\n\n\n<li>C\u00e1mara fotogr\u00e1fica<\/li>\n\n\n\n<li>Agua<\/li>\n\n\n\n<li>Protector solar<\/li>\n\n\n\n<li>El dinero para comer y hacer compras<\/li>\n<\/ul>\n\n\n\n<h2 id=\"precio\" class=\"wp-block-heading\">Precio<\/h2>\n\n\n\n<h3 class=\"wp-block-heading\">Precio: Temporada 2026<\/h3>\n\n\n\n<h4 class=\"wp-block-heading\">Servicio compartido:<\/h4>\n\n\n\n<ul class=\"wp-block-list\">\n<li>Precio por persona U$. 50.00<\/li>\n\n\n\n<li> El grupo aproximado es de 25 personas.<\/li>\n<\/ul>\n\n\n\n<h4 class=\"wp-block-heading\">Servicio privado y personalizado:<\/h4>\n\n\n\n<ul class=\"wp-block-list\">\n<li>Precio por persona U$ .150.00<\/li>\n\n\n\n<li> Personas m\u00ednimas 02 pax<\/li>\n<\/ul>\n\n\n\n<h2 id=\"alojamiento\" class=\"wp-block-heading\">Alojamiento <\/h2>\n\n\n\n<p class=\"wp-block-paragraph\"><\/p>\n","protected":false},"excerpt":{"rendered":"<p>El Valle Sagrado de los Incas, en los Andes peruanos est\u00e1 compuesto por numerosos r\u00edos que descienden por arroyos y valles; Cuenta con numerosos monumentos arqueol\u00f3gicos y pueblos ind\u00edgenas. Este valle fue apreciado por los incas debido a sus especiales cualidades geogr\u00e1ficas y clim\u00e1ticas. Fue uno de los principales puntos de producci\u00f3n por la riqueza [&hellip;]<\/p>\n","protected":false},"author":1,"featured_media":5122,"comment_status":"closed","ping_status":"closed","sticky":false,"template":"","format":"standard","meta":{"_acf_changed":false,"advgb_blocks_editor_width":"","advgb_blocks_columns_visual_guide":"","footnotes":""},"categories":[16],"tags":[],"class_list":["post-445","post","type-post","status-publish","format-standard","has-post-thumbnail","hentry","category-tours-tradicionales"],"acf":[],"yoast_head":"<!-- This site is optimized with the Yoast SEO plugin v28.4 - https:\/\/yoast.com\/product\/yoast-seo-wordpress\/ -->\n<title>El Valle Sagrado | Cusco Tours Cl\u00e1sicos | Viajes cusco<\/title>\n<meta name=\"description\" content=\"El Valle Sagrado, en los Andes peruanos, est\u00e1 compuesto por numerosos r\u00edos y valles que descienden de lo mas alto de la cordillera.\" \/>\n<meta name=\"robots\" content=\"index, follow, max-snippet:-1, max-image-preview:large, max-video-preview:-1\" \/>\n<link rel=\"canonical\" href=\"https:\/\/salkantayexpeditions.com\/es\/valle-sagrado-de-los-incas-1dia\/\" \/>\n<meta property=\"og:locale\" content=\"es_ES\" \/>\n<meta property=\"og:type\" content=\"article\" \/>\n<meta property=\"og:title\" content=\"El Valle Sagrado | Cusco Tours Cl\u00e1sicos | Viajes cusco\" \/>\n<meta property=\"og:description\" content=\"El Valle Sagrado, en los Andes peruanos, est\u00e1 compuesto por numerosos r\u00edos y valles que descienden de lo mas alto de la cordillera.\" \/>\n<meta property=\"og:url\" content=\"https:\/\/salkantayexpeditions.com\/es\/valle-sagrado-de-los-incas-1dia\/\" \/>\n<meta property=\"og:site_name\" content=\"Salkantay Expeditions\" \/>\n<meta property=\"article:published_time\" content=\"2020-03-18T21:27:24+00:00\" \/>\n<meta property=\"article:modified_time\" content=\"2026-08-12T22:03:10+00:00\" \/>\n<meta property=\"og:image\" content=\"https:\/\/salkantayexpeditions.com\/wp-content\/uploads\/2020\/03\/valle-salka-1.jpg\" \/>\n\t<meta property=\"og:image:width\" content=\"420\" \/>\n\t<meta property=\"og:image:height\" content=\"235\" \/>\n\t<meta property=\"og:image:type\" content=\"image\/jpeg\" \/>\n<meta name=\"author\" content=\"Salkantay Expeditions\" \/>\n<meta name=\"twitter:card\" content=\"summary_large_image\" \/>\n<meta name=\"twitter:label1\" content=\"Escrito por\" \/>\n\t<meta name=\"twitter:data1\" content=\"Salkantay Expeditions\" \/>\n\t<meta name=\"twitter:label2\" content=\"Tiempo de lectura\" \/>\n\t<meta name=\"twitter:data2\" content=\"6 minutos\" \/>\n<script type=\"application\/ld+json\" class=\"yoast-schema-graph\">{\"@context\":\"https:\\\/\\\/schema.org\",\"@graph\":[{\"@type\":\"Article\",\"@id\":\"https:\\\/\\\/salkantayexpeditions.com\\\/es\\\/valle-sagrado-de-los-incas-1dia\\\/#article\",\"isPartOf\":{\"@id\":\"https:\\\/\\\/salkantayexpeditions.com\\\/es\\\/valle-sagrado-de-los-incas-1dia\\\/\"},\"author\":{\"name\":\"Salkantay Expeditions\",\"@id\":\"https:\\\/\\\/salkantayexpeditions.com\\\/en\\\/#\\\/schema\\\/person\\\/bbb640bd4152d8eade04b306fb508f53\"},\"headline\":\"Valle Sagrado de los Incas Todo el D\u00eda\",\"datePublished\":\"2020-03-18T21:27:24+00:00\",\"dateModified\":\"2026-08-12T22:03:10+00:00\",\"mainEntityOfPage\":{\"@id\":\"https:\\\/\\\/salkantayexpeditions.com\\\/es\\\/valle-sagrado-de-los-incas-1dia\\\/\"},\"wordCount\":1348,\"publisher\":{\"@id\":\"https:\\\/\\\/salkantayexpeditions.com\\\/en\\\/#organization\"},\"image\":{\"@id\":\"https:\\\/\\\/salkantayexpeditions.com\\\/es\\\/valle-sagrado-de-los-incas-1dia\\\/#primaryimage\"},\"thumbnailUrl\":\"https:\\\/\\\/salkantayexpeditions.com\\\/wp-content\\\/uploads\\\/2020\\\/03\\\/valle-salka-1.jpg\",\"articleSection\":[\"Tours Tradicionales\"],\"inLanguage\":\"es\"},{\"@type\":\"WebPage\",\"@id\":\"https:\\\/\\\/salkantayexpeditions.com\\\/es\\\/valle-sagrado-de-los-incas-1dia\\\/\",\"url\":\"https:\\\/\\\/salkantayexpeditions.com\\\/es\\\/valle-sagrado-de-los-incas-1dia\\\/\",\"name\":\"El Valle Sagrado | Cusco Tours Cl\u00e1sicos | Viajes cusco\",\"isPartOf\":{\"@id\":\"https:\\\/\\\/salkantayexpeditions.com\\\/en\\\/#website\"},\"primaryImageOfPage\":{\"@id\":\"https:\\\/\\\/salkantayexpeditions.com\\\/es\\\/valle-sagrado-de-los-incas-1dia\\\/#primaryimage\"},\"image\":{\"@id\":\"https:\\\/\\\/salkantayexpeditions.com\\\/es\\\/valle-sagrado-de-los-incas-1dia\\\/#primaryimage\"},\"thumbnailUrl\":\"https:\\\/\\\/salkantayexpeditions.com\\\/wp-content\\\/uploads\\\/2020\\\/03\\\/valle-salka-1.jpg\",\"datePublished\":\"2020-03-18T21:27:24+00:00\",\"dateModified\":\"2026-08-12T22:03:10+00:00\",\"description\":\"El Valle Sagrado, en los Andes peruanos, est\u00e1 compuesto por numerosos r\u00edos y valles que descienden de lo mas alto de la cordillera.\",\"breadcrumb\":{\"@id\":\"https:\\\/\\\/salkantayexpeditions.com\\\/es\\\/valle-sagrado-de-los-incas-1dia\\\/#breadcrumb\"},\"inLanguage\":\"es\",\"potentialAction\":[{\"@type\":\"ReadAction\",\"target\":[\"https:\\\/\\\/salkantayexpeditions.com\\\/es\\\/valle-sagrado-de-los-incas-1dia\\\/\"]}]},{\"@type\":\"ImageObject\",\"inLanguage\":\"es\",\"@id\":\"https:\\\/\\\/salkantayexpeditions.com\\\/es\\\/valle-sagrado-de-los-incas-1dia\\\/#primaryimage\",\"url\":\"https:\\\/\\\/salkantayexpeditions.com\\\/wp-content\\\/uploads\\\/2020\\\/03\\\/valle-salka-1.jpg\",\"contentUrl\":\"https:\\\/\\\/salkantayexpeditions.com\\\/wp-content\\\/uploads\\\/2020\\\/03\\\/valle-salka-1.jpg\",\"width\":420,\"height\":235,\"caption\":\"El Valle sagrado\"},{\"@type\":\"BreadcrumbList\",\"@id\":\"https:\\\/\\\/salkantayexpeditions.com\\\/es\\\/valle-sagrado-de-los-incas-1dia\\\/#breadcrumb\",\"itemListElement\":[{\"@type\":\"ListItem\",\"position\":1,\"name\":\"Home\",\"item\":\"https:\\\/\\\/salkantayexpeditions.com\\\/es\\\/\"},{\"@type\":\"ListItem\",\"position\":2,\"name\":\"Tours Tradicionales\",\"item\":\"https:\\\/\\\/salkantayexpeditions.com\\\/es\\\/tours-tradicionales\\\/\"},{\"@type\":\"ListItem\",\"position\":3,\"name\":\"Valle Sagrado de los Incas Todo el D\u00eda\"}]},{\"@type\":\"WebSite\",\"@id\":\"https:\\\/\\\/salkantayexpeditions.com\\\/en\\\/#website\",\"url\":\"https:\\\/\\\/salkantayexpeditions.com\\\/en\\\/\",\"name\":\"Salkantay Expeditions\",\"description\":\"\",\"publisher\":{\"@id\":\"https:\\\/\\\/salkantayexpeditions.com\\\/en\\\/#organization\"},\"potentialAction\":[{\"@type\":\"SearchAction\",\"target\":{\"@type\":\"EntryPoint\",\"urlTemplate\":\"https:\\\/\\\/salkantayexpeditions.com\\\/en\\\/?s={search_term_string}\"},\"query-input\":{\"@type\":\"PropertyValueSpecification\",\"valueRequired\":true,\"valueName\":\"search_term_string\"}}],\"inLanguage\":\"es\"},{\"@type\":\"Organization\",\"@id\":\"https:\\\/\\\/salkantayexpeditions.com\\\/en\\\/#organization\",\"name\":\"Salkantay Expeditions\",\"url\":\"https:\\\/\\\/salkantayexpeditions.com\\\/en\\\/\",\"logo\":{\"@type\":\"ImageObject\",\"inLanguage\":\"es\",\"@id\":\"https:\\\/\\\/salkantayexpeditions.com\\\/en\\\/#\\\/schema\\\/logo\\\/image\\\/\",\"url\":\"https:\\\/\\\/salkantayexpeditions.com\\\/wp-content\\\/uploads\\\/2026\\\/08\\\/logo-se.png\",\"contentUrl\":\"https:\\\/\\\/salkantayexpeditions.com\\\/wp-content\\\/uploads\\\/2026\\\/08\\\/logo-se.png\",\"width\":1221,\"height\":676,\"caption\":\"Salkantay Expeditions\"},\"image\":{\"@id\":\"https:\\\/\\\/salkantayexpeditions.com\\\/en\\\/#\\\/schema\\\/logo\\\/image\\\/\"}},{\"@type\":\"Person\",\"@id\":\"https:\\\/\\\/salkantayexpeditions.com\\\/en\\\/#\\\/schema\\\/person\\\/bbb640bd4152d8eade04b306fb508f53\",\"name\":\"Salkantay Expeditions\",\"image\":{\"@type\":\"ImageObject\",\"inLanguage\":\"es\",\"@id\":\"https:\\\/\\\/secure.gravatar.com\\\/avatar\\\/241a3ec924f1d5116d20cc151eeae609250d15307fbbb125bd7848c2fb779e65?s=96&d=mm&r=g\",\"url\":\"https:\\\/\\\/secure.gravatar.com\\\/avatar\\\/241a3ec924f1d5116d20cc151eeae609250d15307fbbb125bd7848c2fb779e65?s=96&d=mm&r=g\",\"contentUrl\":\"https:\\\/\\\/secure.gravatar.com\\\/avatar\\\/241a3ec924f1d5116d20cc151eeae609250d15307fbbb125bd7848c2fb779e65?s=96&d=mm&r=g\",\"caption\":\"Salkantay Expeditions\"},\"sameAs\":[\"https:\\\/\\\/salkantayexpeditions.com\"],\"url\":\"https:\\\/\\\/salkantayexpeditions.com\\\/es\\\/author\\\/admin_se\\\/\"}]}<\/script>\n<!-- \/ Yoast SEO plugin. -->","yoast_head_json":{"title":"El Valle Sagrado | Cusco Tours Cl\u00e1sicos | Viajes cusco","description":"El Valle Sagrado, en los Andes peruanos, est\u00e1 compuesto por numerosos r\u00edos y valles que descienden de lo mas alto de la cordillera.","robots":{"index":"index","follow":"follow","max-snippet":"max-snippet:-1","max-image-preview":"max-image-preview:large","max-video-preview":"max-video-preview:-1"},"canonical":"https:\/\/salkantayexpeditions.com\/es\/valle-sagrado-de-los-incas-1dia\/","og_locale":"es_ES","og_type":"article","og_title":"El Valle Sagrado | Cusco Tours Cl\u00e1sicos | Viajes cusco","og_description":"El Valle Sagrado, en los Andes peruanos, est\u00e1 compuesto por numerosos r\u00edos y valles que descienden de lo mas alto de la cordillera.","og_url":"https:\/\/salkantayexpeditions.com\/es\/valle-sagrado-de-los-incas-1dia\/","og_site_name":"Salkantay Expeditions","article_published_time":"2020-03-18T21:27:24+00:00","article_modified_time":"2026-08-12T22:03:10+00:00","og_image":[{"width":420,"height":235,"url":"https:\/\/salkantayexpeditions.com\/wp-content\/uploads\/2020\/03\/valle-salka-1.jpg","type":"image\/jpeg"}],"author":"Salkantay Expeditions","twitter_card":"summary_large_image","twitter_misc":{"Escrito por":"Salkantay Expeditions","Tiempo de lectura":"6 minutos"},"schema":{"@context":"https:\/\/schema.org","@graph":[{"@type":"Article","@id":"https:\/\/salkantayexpeditions.com\/es\/valle-sagrado-de-los-incas-1dia\/#article","isPartOf":{"@id":"https:\/\/salkantayexpeditions.com\/es\/valle-sagrado-de-los-incas-1dia\/"},"author":{"name":"Salkantay Expeditions","@id":"https:\/\/salkantayexpeditions.com\/en\/#\/schema\/person\/bbb640bd4152d8eade04b306fb508f53"},"headline":"Valle Sagrado de los Incas Todo el D\u00eda","datePublished":"2020-03-18T21:27:24+00:00","dateModified":"2026-08-12T22:03:10+00:00","mainEntityOfPage":{"@id":"https:\/\/salkantayexpeditions.com\/es\/valle-sagrado-de-los-incas-1dia\/"},"wordCount":1348,"publisher":{"@id":"https:\/\/salkantayexpeditions.com\/en\/#organization"},"image":{"@id":"https:\/\/salkantayexpeditions.com\/es\/valle-sagrado-de-los-incas-1dia\/#primaryimage"},"thumbnailUrl":"https:\/\/salkantayexpeditions.com\/wp-content\/uploads\/2020\/03\/valle-salka-1.jpg","articleSection":["Tours Tradicionales"],"inLanguage":"es"},{"@type":"WebPage","@id":"https:\/\/salkantayexpeditions.com\/es\/valle-sagrado-de-los-incas-1dia\/","url":"https:\/\/salkantayexpeditions.com\/es\/valle-sagrado-de-los-incas-1dia\/","name":"El Valle Sagrado | Cusco Tours Cl\u00e1sicos | Viajes cusco","isPartOf":{"@id":"https:\/\/salkantayexpeditions.com\/en\/#website"},"primaryImageOfPage":{"@id":"https:\/\/salkantayexpeditions.com\/es\/valle-sagrado-de-los-incas-1dia\/#primaryimage"},"image":{"@id":"https:\/\/salkantayexpeditions.com\/es\/valle-sagrado-de-los-incas-1dia\/#primaryimage"},"thumbnailUrl":"https:\/\/salkantayexpeditions.com\/wp-content\/uploads\/2020\/03\/valle-salka-1.jpg","datePublished":"2020-03-18T21:27:24+00:00","dateModified":"2026-08-12T22:03:10+00:00","description":"El Valle Sagrado, en los Andes peruanos, est\u00e1 compuesto por numerosos r\u00edos y valles que descienden de lo mas alto de la cordillera.","breadcrumb":{"@id":"https:\/\/salkantayexpeditions.com\/es\/valle-sagrado-de-los-incas-1dia\/#breadcrumb"},"inLanguage":"es","potentialAction":[{"@type":"ReadAction","target":["https:\/\/salkantayexpeditions.com\/es\/valle-sagrado-de-los-incas-1dia\/"]}]},{"@type":"ImageObject","inLanguage":"es","@id":"https:\/\/salkantayexpeditions.com\/es\/valle-sagrado-de-los-incas-1dia\/#primaryimage","url":"https:\/\/salkantayexpeditions.com\/wp-content\/uploads\/2020\/03\/valle-salka-1.jpg","contentUrl":"https:\/\/salkantayexpeditions.com\/wp-content\/uploads\/2020\/03\/valle-salka-1.jpg","width":420,"height":235,"caption":"El Valle sagrado"},{"@type":"BreadcrumbList","@id":"https:\/\/salkantayexpeditions.com\/es\/valle-sagrado-de-los-incas-1dia\/#breadcrumb","itemListElement":[{"@type":"ListItem","position":1,"name":"Home","item":"https:\/\/salkantayexpeditions.com\/es\/"},{"@type":"ListItem","position":2,"name":"Tours Tradicionales","item":"https:\/\/salkantayexpeditions.com\/es\/tours-tradicionales\/"},{"@type":"ListItem","position":3,"name":"Valle Sagrado de los Incas Todo el D\u00eda"}]},{"@type":"WebSite","@id":"https:\/\/salkantayexpeditions.com\/en\/#website","url":"https:\/\/salkantayexpeditions.com\/en\/","name":"Salkantay Expeditions","description":"","publisher":{"@id":"https:\/\/salkantayexpeditions.com\/en\/#organization"},"potentialAction":[{"@type":"SearchAction","target":{"@type":"EntryPoint","urlTemplate":"https:\/\/salkantayexpeditions.com\/en\/?s={search_term_string}"},"query-input":{"@type":"PropertyValueSpecification","valueRequired":true,"valueName":"search_term_string"}}],"inLanguage":"es"},{"@type":"Organization","@id":"https:\/\/salkantayexpeditions.com\/en\/#organization","name":"Salkantay Expeditions","url":"https:\/\/salkantayexpeditions.com\/en\/","logo":{"@type":"ImageObject","inLanguage":"es","@id":"https:\/\/salkantayexpeditions.com\/en\/#\/schema\/logo\/image\/","url":"https:\/\/salkantayexpeditions.com\/wp-content\/uploads\/2026\/08\/logo-se.png","contentUrl":"https:\/\/salkantayexpeditions.com\/wp-content\/uploads\/2026\/08\/logo-se.png","width":1221,"height":676,"caption":"Salkantay Expeditions"},"image":{"@id":"https:\/\/salkantayexpeditions.com\/en\/#\/schema\/logo\/image\/"}},{"@type":"Person","@id":"https:\/\/salkantayexpeditions.com\/en\/#\/schema\/person\/bbb640bd4152d8eade04b306fb508f53","name":"Salkantay Expeditions","image":{"@type":"ImageObject","inLanguage":"es","@id":"https:\/\/secure.gravatar.com\/avatar\/241a3ec924f1d5116d20cc151eeae609250d15307fbbb125bd7848c2fb779e65?s=96&d=mm&r=g","url":"https:\/\/secure.gravatar.com\/avatar\/241a3ec924f1d5116d20cc151eeae609250d15307fbbb125bd7848c2fb779e65?s=96&d=mm&r=g","contentUrl":"https:\/\/secure.gravatar.com\/avatar\/241a3ec924f1d5116d20cc151eeae609250d15307fbbb125bd7848c2fb779e65?s=96&d=mm&r=g","caption":"Salkantay Expeditions"},"sameAs":["https:\/\/salkantayexpeditions.com"],"url":"https:\/\/salkantayexpeditions.com\/es\/author\/admin_se\/"}]}},"author_meta":{"display_name":"Salkantay Expeditions","author_link":"https:\/\/salkantayexpeditions.com\/es\/author\/admin_se\/"},"featured_img":"https:\/\/salkantayexpeditions.com\/wp-content\/uploads\/2020\/03\/valle-salka-1-300x168.jpg","coauthors":[],"tax_additional":{"categories":{"linked":["<a href=\"https:\/\/salkantayexpeditions.com\/es\/tours-tradicionales\/\" class=\"advgb-post-tax-term\">Tours Tradicionales<\/a>"],"unlinked":["<span class=\"advgb-post-tax-term\">Tours Tradicionales<\/span>"]}},"comment_count":"0","relative_dates":{"created":"Publicado 6 a\u00f1os hace","modified":"Actualizado 4 semanas hace"},"absolute_dates":{"created":"Publicado el marzo 18, 2020","modified":"Actualizado el agosto 12, 2026"},"absolute_dates_time":{"created":"Publicado el marzo 18, 2020 9:27 pm","modified":"Actualizado el agosto 12, 2026 10:03 pm"},"featured_img_caption":"","series_order":"","_links":{"self":[{"href":"https:\/\/salkantayexpeditions.com\/es\/wp-json\/wp\/v2\/posts\/445","targetHints":{"allow":["GET"]}}],"collection":[{"href":"https:\/\/salkantayexpeditions.com\/es\/wp-json\/wp\/v2\/posts"}],"about":[{"href":"https:\/\/salkantayexpeditions.com\/es\/wp-json\/wp\/v2\/types\/post"}],"author":[{"embeddable":true,"href":"https:\/\/salkantayexpeditions.com\/es\/wp-json\/wp\/v2\/users\/1"}],"replies":[{"embeddable":true,"href":"https:\/\/salkantayexpeditions.com\/es\/wp-json\/wp\/v2\/comments?post=445"}],"version-history":[{"count":4,"href":"https:\/\/salkantayexpeditions.com\/es\/wp-json\/wp\/v2\/posts\/445\/revisions"}],"predecessor-version":[{"id":11482,"href":"https:\/\/salkantayexpeditions.com\/es\/wp-json\/wp\/v2\/posts\/445\/revisions\/11482"}],"wp:featuredmedia":[{"embeddable":true,"href":"https:\/\/salkantayexpeditions.com\/es\/wp-json\/wp\/v2\/media\/5122"}],"wp:attachment":[{"href":"https:\/\/salkantayexpeditions.com\/es\/wp-json\/wp\/v2\/media?parent=445"}],"wp:term":[{"taxonomy":"category","embeddable":true,"href":"https:\/\/salkantayexpeditions.com\/es\/wp-json\/wp\/v2\/categories?post=445"},{"taxonomy":"post_tag","embeddable":true,"href":"https:\/\/salkantayexpeditions.com\/es\/wp-json\/wp\/v2\/tags?post=445"}],"curies":[{"name":"wp","href":"https:\/\/api.w.org\/{rel}","templated":true}]}}